{"id":2241,"date":"2024-08-12T13:17:12","date_gmt":"2024-08-12T13:17:12","guid":{"rendered":"https:\/\/orto-nova.hr\/?p=2241"},"modified":"2024-08-27T07:14:09","modified_gmt":"2024-08-27T07:14:09","slug":"kada-je-idealno-vrijeme-za-nosenje-aparatica-za-zube","status":"publish","type":"post","link":"https:\/\/orto-nova.hr\/ortodoncija\/kada-je-idealno-vrijeme-za-nosenje-aparatica-za-zube\/","title":{"rendered":"Kada je idealno vrijeme za no\u0161enje aparati\u0107a za zube?"},"content":{"rendered":"<p align=\"left\"><span style=\"color: #333333;\"><span style=\"font-family: Roboto, serif;\"><span style=\"font-size: large;\"><i>Kada se govori o ortodonciji i no\u0161enju aparati\u0107a za zube, svi odmah pomisle na tinejd\u017eere i djecu. No, je li aparati\u0107 za zube namijenjen samo djeci i tinejd\u017eerima? Jesu li i starije osobe kandidati za no\u0161enje aparati\u0107a? Odgovor je pozitivan. Ne postoji dobna granica do koje je dozvoljeno ili preporu\u010dljivo nositi aparati\u0107 za zube, uvijek se mo\u017eete odlu\u010diti za ortodonciju kao rje\u0161enje za ravne zube i lijep osmijeh.<\/i><\/span><\/span><\/span><\/p>\n<p align=\"left\"><img fetchpriority=\"high\" decoding=\"async\" class=\"alignnone size-large wp-image-2242\" src=\"https:\/\/orto-nova.hr\/ortodoncija\/wp-content\/uploads\/2024\/08\/ortodoncija-1024x684.jpg\" alt=\"\" width=\"1024\" height=\"684\" srcset=\"https:\/\/orto-nova.hr\/ortodoncija\/wp-content\/uploads\/2024\/08\/ortodoncija-1024x684.jpg 1024w, https:\/\/orto-nova.hr\/ortodoncija\/wp-content\/uploads\/2024\/08\/ortodoncija-300x200.jpg 300w, https:\/\/orto-nova.hr\/ortodoncija\/wp-content\/uploads\/2024\/08\/ortodoncija-768x513.jpg 768w, https:\/\/orto-nova.hr\/ortodoncija\/wp-content\/uploads\/2024\/08\/ortodoncija-1536x1025.jpg 1536w, https:\/\/orto-nova.hr\/ortodoncija\/wp-content\/uploads\/2024\/08\/ortodoncija.jpg 2048w\" sizes=\"(max-width: 1024px) 100vw, 1024px\" \/><\/p>\n<p align=\"left\"><span style=\"color: #333333;\"><span style=\"font-family: Roboto, serif;\"><span style=\"font-size: large;\">Glavna svrha i namjena <\/span><\/span><\/span><a href=\"https:\/\/www.orto-nova.hr\/usluge\/ortodoncija\/\"><span style=\"color: #e34150;\"><span style=\"font-family: Roboto, serif;\"><span style=\"font-size: large;\"><u>ortodontske terapije<\/u><\/span><\/span><\/span><\/a><span style=\"color: #333333;\"><span style=\"font-family: Roboto, serif;\"><span style=\"font-size: large;\"> je ispravljanje nepravilnog polo\u017eaja zubi. Ako niste sigurni jeste li dobar kandidat za ortodonciju, pozitivan odgovor na sljede\u0107a pitanja klju\u010dan je pokazatelj Va\u0161e potrebe za nekim od modernih ortodontskih rje\u0161enja:<\/span><\/span><\/span><\/p>\n<ul>\n<li>\n<p align=\"left\"><span style=\"color: #333333;\"><span style=\"font-family: Roboto, serif;\"><span style=\"font-size: large;\">Jesu li va\u0161i zubi neravni?<\/span><\/span><\/span><\/p>\n<\/li>\n<li>\n<p align=\"left\"><span style=\"color: #333333;\"><span style=\"font-family: Roboto, serif;\"><span style=\"font-size: large;\">Da li se svi zubi nalaze na ispravnom polo\u017eaju u usnoj \u0161upljini?<\/span><\/span><\/span><\/p>\n<\/li>\n<li>\n<p align=\"left\"><span style=\"color: #333333;\"><span style=\"font-family: Roboto, serif;\"><span style=\"font-size: large;\">Osje\u0107ate li bol u \u010deljusnom zglobu?<\/span><\/span><\/span><\/p>\n<\/li>\n<li>\n<p align=\"left\"><span style=\"color: #333333;\"><span style=\"font-family: Roboto, serif;\"><span style=\"font-size: large;\">Zubi su Vam prenagurani ili me\u0111u njima postoje velike praznine?<\/span><\/span><\/span><\/p>\n<\/li>\n<li>\n<p align=\"left\"><span style=\"color: #333333;\"><span style=\"font-family: Roboto, serif;\"><span style=\"font-size: large;\">Jeste li izgubili sve svoje mlije\u010dne zube?<\/span><\/span><\/span><\/p>\n<\/li>\n<li>\n<p align=\"left\"><span style=\"color: #333333;\"><span style=\"font-family: Roboto, serif;\"><span style=\"font-size: large;\">Jesu li va\u0161i zubi i desni zdravi?<\/span><\/span><\/span><\/p>\n<\/li>\n<li>\n<p align=\"left\"><span style=\"color: #333333;\"><span style=\"font-family: Roboto, serif;\"><span style=\"font-size: large;\">Imate li problema s disanjem ili govorom?<\/span><\/span><\/span><\/p>\n<\/li>\n<\/ul>\n<h1><span style=\"color: #1f1f1f;\"><span style=\"font-size: large;\"><b>Kada je idealno vrijeme za ortodonciju?<\/b><\/span><\/span><\/h1>\n<p align=\"left\"><span style=\"color: #333333;\"><span style=\"font-family: Roboto, serif;\"><span style=\"font-size: large;\">Idealno vrijeme za odluku o promjeni va\u0161eg osmijeha mo\u017ee biti svaki dan. No, znate li da se prvi ortodontski pregled kod djece preporu\u010duje izme\u0111u <\/span><\/span><\/span><span style=\"color: #333333;\"><span style=\"font-family: Roboto, serif;\"><span style=\"font-size: large;\"><b>7-9 godine<\/b><\/span><\/span><\/span><span style=\"color: #333333;\"><span style=\"font-family: Roboto, serif;\"><span style=\"font-size: large;\"> \u017eivota? To je ne\u0161to u \u010demu mnogi roditelji grije\u0161e i dovode djecu u kasnijoj dobi. Intenzivan rast i razvoj organizma u ranijim godinama pridonosi lak\u0161em pomicanju zubi.<\/span><\/span><\/span><\/p>\n<p align=\"left\"><span style=\"color: #333333;\"><span style=\"font-family: Roboto, serif;\"><span style=\"font-size: large;\">Fiksni i mobilni aparati\u0107i za zube razlikuju se prema na\u010dinu kori\u0161tenja i preporu\u010duju se ovisno o specifi\u010dnoj dentalnoj situaciji svakog pojedinca. No\u0161enje mobilnog aparati\u0107a preporu\u010duje se do 13-e godine \u017eivota, kada tinejd\u017eeri naj\u010de\u0161\u0107e prelaze na no\u0161enje fiksnog aparati\u0107a za zube. Mobilne aparati\u0107e uklanjaju sami pacijenti i postavljaju na zube, dok su fiksni aparati\u0107i nepomi\u010dni tijekom cijelog perioda trajanja ortodontske terapije i postavlja ih stomatolog.<\/span><\/span><\/span><\/p>\n<h1><span style=\"color: #1f1f1f;\"><span style=\"font-size: large;\"><b>A \u0161to s odraslim klijentima?<\/b><\/span><\/span><\/h1>\n<p align=\"left\"><span style=\"color: #333333;\"><span style=\"font-family: Roboto, serif;\"><span style=\"font-size: large;\">Odrasle osobe \u010desto smatraju da je za njih mogu\u0107nost ispravljanja zubi kroz neku od metoda ortodoncije nedosti\u017ena i neu\u010dinkovita upravo zbog godina. Mislite da je prilika za ravne zube ve\u0107 odavno pro\u0161la? To nikako nije istina. <\/span><\/span><\/span><span style=\"color: #333333;\"><span style=\"font-family: Roboto, serif;\"><span style=\"font-size: large;\"><b>Svaka osoba koja ima osnovno oralno zdravlje koje podrazumijeva zdrave desne i zube, mo\u017ee uljep\u0161ati svoj osmijeh uz pomo\u0107 ortodoncije.<\/b><\/span><\/span><\/span><\/p>\n<p align=\"left\"><img decoding=\"async\" class=\"alignnone size-large wp-image-2243\" src=\"https:\/\/orto-nova.hr\/ortodoncija\/wp-content\/uploads\/2024\/08\/ortodont-1024x683.jpg\" alt=\"\" width=\"1024\" height=\"683\" srcset=\"https:\/\/orto-nova.hr\/ortodoncija\/wp-content\/uploads\/2024\/08\/ortodont-1024x683.jpg 1024w, https:\/\/orto-nova.hr\/ortodoncija\/wp-content\/uploads\/2024\/08\/ortodont-300x200.jpg 300w, https:\/\/orto-nova.hr\/ortodoncija\/wp-content\/uploads\/2024\/08\/ortodont-768x512.jpg 768w, https:\/\/orto-nova.hr\/ortodoncija\/wp-content\/uploads\/2024\/08\/ortodont-1536x1024.jpg 1536w, https:\/\/orto-nova.hr\/ortodoncija\/wp-content\/uploads\/2024\/08\/ortodont.jpg 2048w\" sizes=\"(max-width: 1024px) 100vw, 1024px\" \/><\/p>\n<p align=\"left\"><span style=\"color: #333333;\"><span style=\"font-family: Roboto, serif;\"><span style=\"font-size: large;\">U dana\u0161nje vrijeme napredne tehnologije i svakodnevnih inoviranih ortodontskih rje\u0161enja, <\/span><\/span><\/span><span style=\"color: #333333;\"><span style=\"font-family: Roboto, serif;\"><span style=\"font-size: large;\"><b>broj odraslih klijenata raste svakim danom<\/b><\/span><\/span><\/span><span style=\"color: #333333;\"><span style=\"font-family: Roboto, serif;\"><span style=\"font-size: large;\">. Puno je razloga zbog \u010dega se osobe tek kad odrastu odlu\u010de za ortodonciju. Naj\u010de\u0161\u0107e su to preveliki tro\u0161kovi, neugodnost no\u0161enja, nepovjerenje u isplativost i u\u010dinkovitost terapije ili jednostavno neuvi\u0111anje dentalnog problema neravnih zubi i nepravilnog zagriza. Kod odraslih proces trajanja terapije mo\u017ee trajati dulje jer je \u010deljust ve\u0107 formirana, ali sve je to rje\u0161ivo no\u0161enjem fiksnog aparati\u0107a.<\/span><\/span><\/span><\/p>\n<p align=\"left\"><span style=\"color: #333333;\"><span style=\"font-family: Roboto, serif;\"><span style=\"font-size: large;\">U bilo kojoj dobi no\u0161enja aparati\u0107a potrebno je posjetiti svog stomatologa barem svakih 4-6 mjeseci, a mogu\u0107e i \u010de\u0161\u0107e ovisno o individualnoj situaciji.<\/span><\/span><\/span><\/p>\n<p align=\"left\"><span style=\"color: #333333;\"><span style=\"font-family: Roboto, serif;\"><span style=\"font-size: large;\">U\u010dinkovitost u ortodontskom ravnanju zubi je bezgrani\u010dna, nemojte propustiti priliku za lijep osmijeh i ravne zube \ud83d\ude42<\/span><\/span><\/span><\/p>\n<p align=\"left\"><img decoding=\"async\" class=\"alignnone size-large wp-image-2245\" src=\"https:\/\/orto-nova.hr\/ortodoncija\/wp-content\/uploads\/2024\/08\/ORTO-PAC-FIKSNI-1024x683.jpg\" alt=\"\" width=\"1024\" height=\"683\" srcset=\"https:\/\/orto-nova.hr\/ortodoncija\/wp-content\/uploads\/2024\/08\/ORTO-PAC-FIKSNI-1024x683.jpg 1024w, https:\/\/orto-nova.hr\/ortodoncija\/wp-content\/uploads\/2024\/08\/ORTO-PAC-FIKSNI-300x200.jpg 300w, https:\/\/orto-nova.hr\/ortodoncija\/wp-content\/uploads\/2024\/08\/ORTO-PAC-FIKSNI-768x512.jpg 768w, https:\/\/orto-nova.hr\/ortodoncija\/wp-content\/uploads\/2024\/08\/ORTO-PAC-FIKSNI-1536x1024.jpg 1536w, https:\/\/orto-nova.hr\/ortodoncija\/wp-content\/uploads\/2024\/08\/ORTO-PAC-FIKSNI-2048x1365.jpg 2048w\" sizes=\"(max-width: 1024px) 100vw, 1024px\" \/><\/p>\n","protected":false},"excerpt":{"rendered":"<p>Kada se govori o ortodonciji i no\u0161enju aparati\u0107a za zube, svi odmah pomisle na tinejd\u017eere i djecu. No, je li aparati\u0107 za zube namijenjen samo djeci i tinejd\u017eerima? Jesu li i starije osobe kandidati za no\u0161enje aparati\u0107a? Odgovor je pozitivan.<\/p>\n","protected":false},"author":1,"featured_media":2246,"comment_status":"open","ping_status":"open","sticky":false,"template":"","format":"standard","meta":{"content-type":"","footnotes":""},"categories":[15],"tags":[],"class_list":["post-2241","post","type-post","status-publish","format-standard","has-post-thumbnail","hentry","category-ortodoncija"],"_links":{"self":[{"href":"https:\/\/orto-nova.hr\/ortodoncija\/wp-json\/wp\/v2\/posts\/2241","targetHints":{"allow":["GET"]}}],"collection":[{"href":"https:\/\/orto-nova.hr\/ortodoncija\/wp-json\/wp\/v2\/posts"}],"about":[{"href":"https:\/\/orto-nova.hr\/ortodoncija\/wp-json\/wp\/v2\/types\/post"}],"author":[{"embeddable":true,"href":"https:\/\/orto-nova.hr\/ortodoncija\/wp-json\/wp\/v2\/users\/1"}],"replies":[{"embeddable":true,"href":"https:\/\/orto-nova.hr\/ortodoncija\/wp-json\/wp\/v2\/comments?post=2241"}],"version-history":[{"count":2,"href":"https:\/\/orto-nova.hr\/ortodoncija\/wp-json\/wp\/v2\/posts\/2241\/revisions"}],"predecessor-version":[{"id":2471,"href":"https:\/\/orto-nova.hr\/ortodoncija\/wp-json\/wp\/v2\/posts\/2241\/revisions\/2471"}],"wp:featuredmedia":[{"embeddable":true,"href":"https:\/\/orto-nova.hr\/ortodoncija\/wp-json\/wp\/v2\/media\/2246"}],"wp:attachment":[{"href":"https:\/\/orto-nova.hr\/ortodoncija\/wp-json\/wp\/v2\/media?parent=2241"}],"wp:term":[{"taxonomy":"category","embeddable":true,"href":"https:\/\/orto-nova.hr\/ortodoncija\/wp-json\/wp\/v2\/categories?post=2241"},{"taxonomy":"post_tag","embeddable":true,"href":"https:\/\/orto-nova.hr\/ortodoncija\/wp-json\/wp\/v2\/tags?post=2241"}],"curies":[{"name":"wp","href":"https:\/\/api.w.org\/{rel}","templated":true}]}}